{"id":1463,"date":"2023-04-29T06:33:41","date_gmt":"2023-04-29T06:33:41","guid":{"rendered":"https:\/\/afghanistan.factcrescendo.com\/english\/?p=1463"},"modified":"2023-04-29T07:49:42","modified_gmt":"2023-04-29T07:49:42","slug":"an-old-image-shares-as-the-image-of-the-2023-al-aqsa-mosque-conflict","status":"publish","type":"post","link":"https:\/\/afghanistan.factcrescendo.com\/english\/an-old-image-shares-as-the-image-of-the-2023-al-aqsa-mosque-conflict\/","title":{"rendered":"Following the raids on Al-Aqsa Mosque by Israeli forces an old photo was reposted as footage of the event\u00a0"},"content":{"rendered":"\n<figure class=\"wp-block-image size-large\"><img fetchpriority=\"high\" decoding=\"async\" width=\"1024\" height=\"576\" src=\"https:\/\/afghanistan.factcrescendo.com\/english\/wp-content\/uploads\/2023\/04\/Thumbnail-Post-no-03-ARSH-1024x576.png\" alt=\"\" class=\"wp-image-1468\" srcset=\"https:\/\/afghanistan.factcrescendo.com\/english\/wp-content\/uploads\/2023\/04\/Thumbnail-Post-no-03-ARSH-1024x576.png 1024w, https:\/\/afghanistan.factcrescendo.com\/english\/wp-content\/uploads\/2023\/04\/Thumbnail-Post-no-03-ARSH-300x169.png 300w, https:\/\/afghanistan.factcrescendo.com\/english\/wp-content\/uploads\/2023\/04\/Thumbnail-Post-no-03-ARSH-768x432.png 768w, https:\/\/afghanistan.factcrescendo.com\/english\/wp-content\/uploads\/2023\/04\/Thumbnail-Post-no-03-ARSH-1536x864.png 1536w, https:\/\/afghanistan.factcrescendo.com\/english\/wp-content\/uploads\/2023\/04\/Thumbnail-Post-no-03-ARSH.png 1920w\" sizes=\"(max-width: 1024px) 100vw, 1024px\" \/><\/figure>\n\n\n\n<p><\/p>\n\n\n\n<p>Following the conflict in Al-Aqsa Mosque, Israeli soldiers have arrested more than 350 Palestinians. Based on the <a href=\"https:\/\/parsi.euronews.com\/2023\/04\/05\/more-than-350-arrests-in-jerusalems-al-aqsa-compound-israel-police?utm_medium=Social&amp;utm_source=Facebook&amp;fbclid=IwAR1QfWGFOuj5Mf4Roqy-eInQnMophDvYyPKQcNFJ2VuMEMQ4Hgum0-x2lh0#Echobox=1680676836\">reports<\/a>, this conflict took place on the morning of Wednesday, April 5, 2023, corresponding to the 14th of Ramadan, 1444 AH.<\/p>\n\n\n\n<p>A number of social media users have described an image as the image of this event at the same time as this news was published.<\/p>\n\n\n\n<p>In this picture, a number of men are lying on the floor of the mosque with their hands tied.<\/p>\n\n\n\n<p>In the description of the image, it is stated that: &#8220;<em>A huge number of Palestinians arrested inside Al Aqsa Mosque<\/em>&#8220;.<\/p>\n\n\n\n<figure class=\"wp-block-embed is-type-rich is-provider-twitter wp-block-embed-twitter\"><div class=\"wp-block-embed__wrapper\">\n<blockquote class=\"twitter-tweet\" data-width=\"550\" data-dnt=\"true\"><p lang=\"en\" dir=\"ltr\">A huge number of Palestinians arrested inside Al Aqsa Mosque. <a href=\"https:\/\/t.co\/QRffWtwcSj\">pic.twitter.com\/QRffWtwcSj<\/a><\/p>&mdash; Anas (@AnasMAwan) <a href=\"https:\/\/twitter.com\/AnasMAwan\/status\/1643416119569534979?ref_src=twsrc%5Etfw\">April 5, 2023<\/a><\/blockquote><script async src=\"https:\/\/platform.twitter.com\/widgets.js\" charset=\"utf-8\"><\/script>\n<\/div><\/figure>\n\n\n\n<p><a href=\"https:\/\/archive.org\/details\/httpstwitter.comanasmawanstatus1643416119569534979\"><strong>Archived-Tweet<\/strong><\/a><\/p>\n\n\n\n<p>On the other hand, on April 5, <a href=\"https:\/\/youtu.be\/5DCW0ieiq54?t=157\">Al Jazeera English<\/a> YouTube Channel also reported that Israeli forces have stormed Al-Aqsa Mosque and fired stun grenades during Ramadan prayers. A few Palestinians have been reported injured, Al Jazeera Said.<\/p>\n\n\n\n<p>In the second minute and thirty-seventh second of the Al Jazeera report, this image is placed as well.<\/p>\n\n\n\n<iframe width=\"1404\" height=\"480\" src=\"https:\/\/www.youtube.com\/embed\/5DCW0ieiq54\" title=\"Israeli forces attack Palestinian worshipers at Al-Aqsa Mosque during Ramadan prayers\" frameborder=\"0\" allow=\"accelerometer; autoplay; clipboard-write; encrypted-media; gyroscope; picture-in-picture; web-share\" allowfullscreen><\/iframe>\n\n\n\n<p><a href=\"https:\/\/archive.org\/details\/httpsyoutu.be5dcw0ieiq54t157\"><strong>Archived-Video<\/strong><\/a><\/p>\n\n\n\n<p>An investigation into this image shows that users have posted an old image as an image of Palestinians who were arrested in Ramadan of 2023.<\/p>\n\n\n\n<p><strong>Fact Check:<\/strong>&nbsp;<\/p>\n\n\n\n<p>We did a Google reverse image search on the viral image and found that the image is old. A Twitter user published this image on April 22, 2022. In the description of this picture, it is stated that the image is of the Palestinians arrested by Israeli forces last year.&nbsp;<\/p>\n\n\n\n<figure class=\"wp-block-embed is-type-rich is-provider-twitter wp-block-embed-twitter\"><div class=\"wp-block-embed__wrapper\">\n<blockquote class=\"twitter-tweet\" data-width=\"550\" data-dnt=\"true\"><p lang=\"fr\" dir=\"ltr\">Les mains et les pieds menott\u00e9s par un collier colson en pleine mosqu\u00e9e par l&#39;arm\u00e9e la plus d\u00e9mocratique du monde&#8230; Voil\u00e0 \u00e0 quoi ressemblent la vie des palestiniens qui prient pacifiquement lors du mois sacr\u00e9 de Ramadan! <a href=\"https:\/\/t.co\/NeMCDy7sUo\">pic.twitter.com\/NeMCDy7sUo<\/a><\/p>&mdash; Ramy Abdu| \u0631\u0627\u0645\u064a \u0639\u0628\u062f\u0647 (@RamAbdu) <a href=\"https:\/\/twitter.com\/RamAbdu\/status\/1517483865102761984?ref_src=twsrc%5Etfw\">April 22, 2022<\/a><\/blockquote><script async src=\"https:\/\/platform.twitter.com\/widgets.js\" charset=\"utf-8\"><\/script>\n<\/div><\/figure>\n\n\n\n<p><a href=\"https:\/\/archive.org\/details\/httpstwitter.comramabdustatus1517483865102761984\"><strong>Archived-Tweet<\/strong><\/a><\/p>\n\n\n\n<p><a href=\"https:\/\/twitter.com\/AlQastalps\/status\/1514851021452988423?ref_src=twsrc%5Etfw%7Ctwcamp%5Etweetembed%7Ctwterm%5E1514851021452988423%7Ctwgr%5Eb466013fa151ec17ec09099f305456d4459cc7fb%7Ctwcon%5Es1_&amp;ref_url=https%3A%2F%2Fnewschecker.in%2Fur%2Ffact-check-ur%2Faqsa-masjid-attack-israeli-army-old\">Al-Qastal<\/a> published the video of this event on April 15, 2022.<\/p>\n\n\n\n<p>In the description of this video, it is said that the occupying forces surrounded the Al-Qibli Mosque and beat those who were present there.<\/p>\n\n\n\n<figure class=\"wp-block-embed is-type-rich is-provider-twitter wp-block-embed-twitter\"><div class=\"wp-block-embed__wrapper\">\n<blockquote class=\"twitter-tweet\" data-width=\"550\" data-dnt=\"true\"><p lang=\"ar\" dir=\"rtl\">\u062a\u063a\u0637\u064a\u0629 \u0635\u062d\u0641\u064a\u0629: &quot;\u0642\u0648\u0627\u062a \u0627\u0644\u0627\u062d\u062a\u0644\u0627\u0644 \u062a\u0642\u064a\u062f \u0627\u0644\u0645\u0631\u0627\u0628\u0637\u064a\u0646 \u062f\u0627\u062e\u0644 \u0627\u0644\u0645\u0635\u0644\u0649 \u0627\u0644\u0642\u0628\u0644\u064a \u0648\u062a\u0639\u062a\u062f\u064a \u0639\u0644\u064a\u0647\u0645 \u0628\u0627\u0644\u0636\u0631\u0628 \u0627\u0644\u0645\u0628\u0631\u062d&quot;<a href=\"https:\/\/twitter.com\/hashtag\/%D8%A7%D9%82%D8%AA%D8%AD%D8%A7%D9%85_%D8%A7%D9%84%D8%A3%D9%82%D8%B5%D9%89_%D8%A8%D8%B1%D9%85%D8%B6%D8%A7%D9%86?src=hash&amp;ref_src=twsrc%5Etfw\">#\u0627\u0642\u062a\u062d\u0627\u0645_\u0627\u0644\u0623\u0642\u0635\u0649_\u0628\u0631\u0645\u0636\u0627\u0646<\/a> <a href=\"https:\/\/t.co\/GLMyyk9pcR\">pic.twitter.com\/GLMyyk9pcR<\/a><\/p>&mdash; \u0627\u0644\u0642\u0633\u0637\u0644 \u0627\u0644\u0625\u062e\u0628\u0627\u0631\u064a (@AlQastalps) <a href=\"https:\/\/twitter.com\/AlQastalps\/status\/1514851021452988423?ref_src=twsrc%5Etfw\">April 15, 2022<\/a><\/blockquote><script async src=\"https:\/\/platform.twitter.com\/widgets.js\" charset=\"utf-8\"><\/script>\n<\/div><\/figure>\n\n\n\n<p><strong>Conclusion<\/strong><\/p>\n\n\n\n<p>Following the publication of the news of the attack of the Israeli forces on Al-Aqsa Mosque, social media users have republished an old image as the images of this event.<\/p>\n\n\n\n<!DOCTYPE html>\n\t\t\t\t\t<html>\n\t\t\t\t\t<head>\n\t\t\t\t\t<meta name=\"viewport\" content=\"width=device-width, initial-scale=1\">\n\t\t\t\t\t<style>\n\t\t\t\t\t.container {\n\t\t\t\t\t  border: 2px solid #000;\n\t\t\t\t\t  background-color: #eee;\n\t\t\t\t\t  border-radius: 5px;\n\t\t\t\t\t  padding: 16px;\n\t\t\t\t\t  margin: 16px 0\n\t\t\t\t\t}\n\n\t\t\t\t\t.container::after {\n\t\t\t\t\t  content: \"\";\n\t\t\t\t\t  clear: both;\n\t\t\t\t\t  display: table;\n\t\t\t\t\t}\n\n\t\t\t\t\t.container img {\n\t\t\t\t\t  float: left;\n\t\t\t\t\t  margin-right: 20px;\n\t\t\t\t\t  border-radius: 50%;\n\t\t\t\t\t}\n\n\t\t\t\t\t.container span {\n\t\t\t\t\t  font-size: 20px;\n\t\t\t\t\t  margin-right: 15px;\n\t\t\t\t\t}\n\n\t\t\t\t\t@media (max-width: 500px) {\n\t\t\t\t\t  .container {\n\t\t\t\t\t\t  text-align: center;\n\t\t\t\t\t  }\n\t\t\t\t\t  .container img {\n\t\t\t\t\t\t  margin: auto;\n\t\t\t\t\t\t  float: none;\n\t\t\t\t\t\t  display: block;\n\t\t\t\t\t  }\n\t\t\t\t\t}\n\t\t\t\t\t<\/style>\n\t\t\t\t\t<\/head>\n\t\t\t\t\t<body>\n\t\t\t\t\t<div class=\"container\">\n\t\t\t\t\t  <img decoding=\"async\" src=\"https:\/\/srilanka.factcrescendo.com\/wp-content\/uploads\/2020\/04\/Misleading.png\n\" alt=\"Avatar\" style=\"width:120px\">\n\t\t\t\t\t  <p><span>Title:<\/span>Following the raids on Al-Aqsa Mosque by Israeli forces an old photo was reposted as footage of the event\u00a0<\/p>\n\t\t\t\t\t  <strong>Fact Check By:&nbsp;<a href=\"info@factcrescendo.com\" target=\"_blank\" rel=\"noreferrer noopener\">Fact Crescendo Team<\/a>&nbsp;<\/strong>\n\t\t\t\t\t  <p><strong>Result:<\/strong> Misleading<\/p>\n\t\t\t\t\t<\/div>\n\n\t\t\t\t\t<\/body>\n\t\t\t\t\t<\/html>\n","protected":false},"excerpt":{"rendered":"<p>Following the conflict in Al-Aqsa Mosque, Israeli soldiers have arrested more than 350 Palestinians. Based on the reports, this conflict took place on the morning of Wednesday, April 5, 2023, corresponding to the 14th of Ramadan, 1444 AH. A number of social media users have described an image as the image of this event at [&hellip;]<\/p>\n","protected":false},"author":3,"featured_media":1466,"comment_status":"open","ping_status":"open","sticky":false,"template":"","format":"standard","meta":{"_jetpack_memberships_contains_paid_content":false,"footnotes":""},"categories":[4,207],"tags":[417,415,418,416,414],"class_list":["post-1463","post","type-post","status-publish","format-standard","has-post-thumbnail","hentry","category-international","category-misleading","tag-al-aqsa","tag-conflict","tag-israel","tag-mosque","tag-prayers"],"yoast_head":"<!-- This site is optimized with the Yoast SEO plugin v27.4 - https:\/\/yoast.com\/product\/yoast-seo-wordpress\/ -->\n<title>Following the raids on Al-Aqsa Mosque by Israeli forces an old photo was reposted as footage of the event\u00a0 - Fact Crescendo Afghanistan English<\/title>\n<meta name=\"robots\" content=\"index, follow, max-snippet:-1, max-image-preview:large, max-video-preview:-1\" \/>\n<link rel=\"canonical\" href=\"https:\/\/afghanistan.factcrescendo.com\/english\/an-old-image-shares-as-the-image-of-the-2023-al-aqsa-mosque-conflict\/\" \/>\n<meta property=\"og:locale\" content=\"en_US\" \/>\n<meta property=\"og:type\" content=\"article\" \/>\n<meta property=\"og:title\" content=\"Following the raids on Al-Aqsa Mosque by Israeli forces an old photo was reposted as footage of the event\u00a0 - Fact Crescendo Afghanistan English\" \/>\n<meta property=\"og:description\" content=\"Following the conflict in Al-Aqsa Mosque, Israeli soldiers have arrested more than 350 Palestinians. Based on the reports, this conflict took place on the morning of Wednesday, April 5, 2023, corresponding to the 14th of Ramadan, 1444 AH. A number of social media users have described an image as the image of this event at [&hellip;]\" \/>\n<meta property=\"og:url\" content=\"https:\/\/afghanistan.factcrescendo.com\/english\/an-old-image-shares-as-the-image-of-the-2023-al-aqsa-mosque-conflict\/\" \/>\n<meta property=\"og:site_name\" content=\"Fact Crescendo Afghanistan English\" \/>\n<meta property=\"article:published_time\" content=\"2023-04-29T06:33:41+00:00\" \/>\n<meta property=\"article:modified_time\" content=\"2023-04-29T07:49:42+00:00\" \/>\n<meta property=\"og:image\" content=\"https:\/\/afghanistan.factcrescendo.com\/english\/wp-content\/uploads\/2023\/04\/Post-no-03-ARSH.png\" \/>\n\t<meta property=\"og:image:width\" content=\"622\" \/>\n\t<meta property=\"og:image:height\" content=\"420\" \/>\n\t<meta property=\"og:image:type\" content=\"image\/png\" \/>\n<meta name=\"author\" content=\"Fact Crescendo Team\" \/>\n<meta name=\"twitter:card\" content=\"summary_large_image\" \/>\n<meta name=\"twitter:label1\" content=\"Written by\" \/>\n\t<meta name=\"twitter:data1\" content=\"Fact Crescendo Team\" \/>\n\t<meta name=\"twitter:label2\" content=\"Est. reading time\" \/>\n\t<meta name=\"twitter:data2\" content=\"3 minutes\" \/>\n<script type=\"application\/ld+json\" class=\"yoast-schema-graph\">{\"@context\":\"https:\\\/\\\/schema.org\",\"@graph\":[{\"@type\":\"Article\",\"@id\":\"https:\\\/\\\/afghanistan.factcrescendo.com\\\/english\\\/an-old-image-shares-as-the-image-of-the-2023-al-aqsa-mosque-conflict\\\/#article\",\"isPartOf\":{\"@id\":\"https:\\\/\\\/afghanistan.factcrescendo.com\\\/english\\\/an-old-image-shares-as-the-image-of-the-2023-al-aqsa-mosque-conflict\\\/\"},\"author\":{\"name\":\"Fact Crescendo Team\",\"@id\":\"https:\\\/\\\/afghanistan.factcrescendo.com\\\/english\\\/#\\\/schema\\\/person\\\/a3e19725877a995a682c2dbb019aff5d\"},\"headline\":\"Following the raids on Al-Aqsa Mosque by Israeli forces an old photo was reposted as footage of the event\u00a0\",\"datePublished\":\"2023-04-29T06:33:41+00:00\",\"dateModified\":\"2023-04-29T07:49:42+00:00\",\"mainEntityOfPage\":{\"@id\":\"https:\\\/\\\/afghanistan.factcrescendo.com\\\/english\\\/an-old-image-shares-as-the-image-of-the-2023-al-aqsa-mosque-conflict\\\/\"},\"wordCount\":360,\"commentCount\":0,\"publisher\":{\"@id\":\"https:\\\/\\\/afghanistan.factcrescendo.com\\\/english\\\/#organization\"},\"image\":{\"@id\":\"https:\\\/\\\/afghanistan.factcrescendo.com\\\/english\\\/an-old-image-shares-as-the-image-of-the-2023-al-aqsa-mosque-conflict\\\/#primaryimage\"},\"thumbnailUrl\":\"https:\\\/\\\/afghanistan.factcrescendo.com\\\/english\\\/wp-content\\\/uploads\\\/2023\\\/04\\\/Post-no-03-ARSH.png\",\"keywords\":[\"Al-Aqsa\",\"Conflict\",\"Israel\",\"Mosque\",\"Prayers\"],\"articleSection\":[\"International\",\"Misleading\"],\"inLanguage\":\"en-US\",\"potentialAction\":[{\"@type\":\"CommentAction\",\"name\":\"Comment\",\"target\":[\"https:\\\/\\\/afghanistan.factcrescendo.com\\\/english\\\/an-old-image-shares-as-the-image-of-the-2023-al-aqsa-mosque-conflict\\\/#respond\"]}]},{\"@type\":\"WebPage\",\"@id\":\"https:\\\/\\\/afghanistan.factcrescendo.com\\\/english\\\/an-old-image-shares-as-the-image-of-the-2023-al-aqsa-mosque-conflict\\\/\",\"url\":\"https:\\\/\\\/afghanistan.factcrescendo.com\\\/english\\\/an-old-image-shares-as-the-image-of-the-2023-al-aqsa-mosque-conflict\\\/\",\"name\":\"Following the raids on Al-Aqsa Mosque by Israeli forces an old photo was reposted as footage of the event\u00a0 - Fact Crescendo Afghanistan English\",\"isPartOf\":{\"@id\":\"https:\\\/\\\/afghanistan.factcrescendo.com\\\/english\\\/#website\"},\"primaryImageOfPage\":{\"@id\":\"https:\\\/\\\/afghanistan.factcrescendo.com\\\/english\\\/an-old-image-shares-as-the-image-of-the-2023-al-aqsa-mosque-conflict\\\/#primaryimage\"},\"image\":{\"@id\":\"https:\\\/\\\/afghanistan.factcrescendo.com\\\/english\\\/an-old-image-shares-as-the-image-of-the-2023-al-aqsa-mosque-conflict\\\/#primaryimage\"},\"thumbnailUrl\":\"https:\\\/\\\/afghanistan.factcrescendo.com\\\/english\\\/wp-content\\\/uploads\\\/2023\\\/04\\\/Post-no-03-ARSH.png\",\"datePublished\":\"2023-04-29T06:33:41+00:00\",\"dateModified\":\"2023-04-29T07:49:42+00:00\",\"breadcrumb\":{\"@id\":\"https:\\\/\\\/afghanistan.factcrescendo.com\\\/english\\\/an-old-image-shares-as-the-image-of-the-2023-al-aqsa-mosque-conflict\\\/#breadcrumb\"},\"inLanguage\":\"en-US\",\"potentialAction\":[{\"@type\":\"ReadAction\",\"target\":[\"https:\\\/\\\/afghanistan.factcrescendo.com\\\/english\\\/an-old-image-shares-as-the-image-of-the-2023-al-aqsa-mosque-conflict\\\/\"]}]},{\"@type\":\"ImageObject\",\"inLanguage\":\"en-US\",\"@id\":\"https:\\\/\\\/afghanistan.factcrescendo.com\\\/english\\\/an-old-image-shares-as-the-image-of-the-2023-al-aqsa-mosque-conflict\\\/#primaryimage\",\"url\":\"https:\\\/\\\/afghanistan.factcrescendo.com\\\/english\\\/wp-content\\\/uploads\\\/2023\\\/04\\\/Post-no-03-ARSH.png\",\"contentUrl\":\"https:\\\/\\\/afghanistan.factcrescendo.com\\\/english\\\/wp-content\\\/uploads\\\/2023\\\/04\\\/Post-no-03-ARSH.png\",\"width\":622,\"height\":420},{\"@type\":\"BreadcrumbList\",\"@id\":\"https:\\\/\\\/afghanistan.factcrescendo.com\\\/english\\\/an-old-image-shares-as-the-image-of-the-2023-al-aqsa-mosque-conflict\\\/#breadcrumb\",\"itemListElement\":[{\"@type\":\"ListItem\",\"position\":1,\"name\":\"Home\",\"item\":\"https:\\\/\\\/afghanistan.factcrescendo.com\\\/english\\\/\"},{\"@type\":\"ListItem\",\"position\":2,\"name\":\"Following the raids on Al-Aqsa Mosque by Israeli forces an old photo was reposted as footage of the event\u00a0\"}]},{\"@type\":\"WebSite\",\"@id\":\"https:\\\/\\\/afghanistan.factcrescendo.com\\\/english\\\/#website\",\"url\":\"https:\\\/\\\/afghanistan.factcrescendo.com\\\/english\\\/\",\"name\":\"Fact Crescendo Afghanistan English\",\"description\":\"The fact behind every news!\",\"publisher\":{\"@id\":\"https:\\\/\\\/afghanistan.factcrescendo.com\\\/english\\\/#organization\"},\"potentialAction\":[{\"@type\":\"SearchAction\",\"target\":{\"@type\":\"EntryPoint\",\"urlTemplate\":\"https:\\\/\\\/afghanistan.factcrescendo.com\\\/english\\\/?s={search_term_string}\"},\"query-input\":{\"@type\":\"PropertyValueSpecification\",\"valueRequired\":true,\"valueName\":\"search_term_string\"}}],\"inLanguage\":\"en-US\"},{\"@type\":\"Organization\",\"@id\":\"https:\\\/\\\/afghanistan.factcrescendo.com\\\/english\\\/#organization\",\"name\":\"Fact Crescendo Afghanistan English\",\"url\":\"https:\\\/\\\/afghanistan.factcrescendo.com\\\/english\\\/\",\"logo\":{\"@type\":\"ImageObject\",\"inLanguage\":\"en-US\",\"@id\":\"https:\\\/\\\/afghanistan.factcrescendo.com\\\/english\\\/#\\\/schema\\\/logo\\\/image\\\/\",\"url\":\"https:\\\/\\\/afghanistan.factcrescendo.com\\\/english\\\/wp-content\\\/uploads\\\/2024\\\/11\\\/Logo-For-Wbsite-e1731654107401.png\",\"contentUrl\":\"https:\\\/\\\/afghanistan.factcrescendo.com\\\/english\\\/wp-content\\\/uploads\\\/2024\\\/11\\\/Logo-For-Wbsite-e1731654107401.png\",\"width\":320,\"height\":89,\"caption\":\"Fact Crescendo Afghanistan English\"},\"image\":{\"@id\":\"https:\\\/\\\/afghanistan.factcrescendo.com\\\/english\\\/#\\\/schema\\\/logo\\\/image\\\/\"}},{\"@type\":\"Person\",\"@id\":\"https:\\\/\\\/afghanistan.factcrescendo.com\\\/english\\\/#\\\/schema\\\/person\\\/a3e19725877a995a682c2dbb019aff5d\",\"name\":\"Fact Crescendo Team\",\"image\":{\"@type\":\"ImageObject\",\"inLanguage\":\"en-US\",\"@id\":\"https:\\\/\\\/secure.gravatar.com\\\/avatar\\\/54b5f853df4c561cf04b7a03a6d83d55fffb3d1324fc94e9da267bcc8c5e15e8?s=96&d=mm&r=g\",\"url\":\"https:\\\/\\\/secure.gravatar.com\\\/avatar\\\/54b5f853df4c561cf04b7a03a6d83d55fffb3d1324fc94e9da267bcc8c5e15e8?s=96&d=mm&r=g\",\"contentUrl\":\"https:\\\/\\\/secure.gravatar.com\\\/avatar\\\/54b5f853df4c561cf04b7a03a6d83d55fffb3d1324fc94e9da267bcc8c5e15e8?s=96&d=mm&r=g\",\"caption\":\"Fact Crescendo Team\"},\"url\":\"https:\\\/\\\/afghanistan.factcrescendo.com\\\/english\\\/author\\\/factcrescendo-team\\\/\"}]}<\/script>\n<!-- \/ Yoast SEO plugin. -->","yoast_head_json":{"title":"Following the raids on Al-Aqsa Mosque by Israeli forces an old photo was reposted as footage of the event\u00a0 - Fact Crescendo Afghanistan English","robots":{"index":"index","follow":"follow","max-snippet":"max-snippet:-1","max-image-preview":"max-image-preview:large","max-video-preview":"max-video-preview:-1"},"canonical":"https:\/\/afghanistan.factcrescendo.com\/english\/an-old-image-shares-as-the-image-of-the-2023-al-aqsa-mosque-conflict\/","og_locale":"en_US","og_type":"article","og_title":"Following the raids on Al-Aqsa Mosque by Israeli forces an old photo was reposted as footage of the event\u00a0 - Fact Crescendo Afghanistan English","og_description":"Following the conflict in Al-Aqsa Mosque, Israeli soldiers have arrested more than 350 Palestinians. Based on the reports, this conflict took place on the morning of Wednesday, April 5, 2023, corresponding to the 14th of Ramadan, 1444 AH. A number of social media users have described an image as the image of this event at [&hellip;]","og_url":"https:\/\/afghanistan.factcrescendo.com\/english\/an-old-image-shares-as-the-image-of-the-2023-al-aqsa-mosque-conflict\/","og_site_name":"Fact Crescendo Afghanistan English","article_published_time":"2023-04-29T06:33:41+00:00","article_modified_time":"2023-04-29T07:49:42+00:00","og_image":[{"width":622,"height":420,"url":"https:\/\/afghanistan.factcrescendo.com\/english\/wp-content\/uploads\/2023\/04\/Post-no-03-ARSH.png","type":"image\/png"}],"author":"Fact Crescendo Team","twitter_card":"summary_large_image","twitter_misc":{"Written by":"Fact Crescendo Team","Est. reading time":"3 minutes"},"schema":{"@context":"https:\/\/schema.org","@graph":[{"@type":"Article","@id":"https:\/\/afghanistan.factcrescendo.com\/english\/an-old-image-shares-as-the-image-of-the-2023-al-aqsa-mosque-conflict\/#article","isPartOf":{"@id":"https:\/\/afghanistan.factcrescendo.com\/english\/an-old-image-shares-as-the-image-of-the-2023-al-aqsa-mosque-conflict\/"},"author":{"name":"Fact Crescendo Team","@id":"https:\/\/afghanistan.factcrescendo.com\/english\/#\/schema\/person\/a3e19725877a995a682c2dbb019aff5d"},"headline":"Following the raids on Al-Aqsa Mosque by Israeli forces an old photo was reposted as footage of the event\u00a0","datePublished":"2023-04-29T06:33:41+00:00","dateModified":"2023-04-29T07:49:42+00:00","mainEntityOfPage":{"@id":"https:\/\/afghanistan.factcrescendo.com\/english\/an-old-image-shares-as-the-image-of-the-2023-al-aqsa-mosque-conflict\/"},"wordCount":360,"commentCount":0,"publisher":{"@id":"https:\/\/afghanistan.factcrescendo.com\/english\/#organization"},"image":{"@id":"https:\/\/afghanistan.factcrescendo.com\/english\/an-old-image-shares-as-the-image-of-the-2023-al-aqsa-mosque-conflict\/#primaryimage"},"thumbnailUrl":"https:\/\/afghanistan.factcrescendo.com\/english\/wp-content\/uploads\/2023\/04\/Post-no-03-ARSH.png","keywords":["Al-Aqsa","Conflict","Israel","Mosque","Prayers"],"articleSection":["International","Misleading"],"inLanguage":"en-US","potentialAction":[{"@type":"CommentAction","name":"Comment","target":["https:\/\/afghanistan.factcrescendo.com\/english\/an-old-image-shares-as-the-image-of-the-2023-al-aqsa-mosque-conflict\/#respond"]}]},{"@type":"WebPage","@id":"https:\/\/afghanistan.factcrescendo.com\/english\/an-old-image-shares-as-the-image-of-the-2023-al-aqsa-mosque-conflict\/","url":"https:\/\/afghanistan.factcrescendo.com\/english\/an-old-image-shares-as-the-image-of-the-2023-al-aqsa-mosque-conflict\/","name":"Following the raids on Al-Aqsa Mosque by Israeli forces an old photo was reposted as footage of the event\u00a0 - Fact Crescendo Afghanistan English","isPartOf":{"@id":"https:\/\/afghanistan.factcrescendo.com\/english\/#website"},"primaryImageOfPage":{"@id":"https:\/\/afghanistan.factcrescendo.com\/english\/an-old-image-shares-as-the-image-of-the-2023-al-aqsa-mosque-conflict\/#primaryimage"},"image":{"@id":"https:\/\/afghanistan.factcrescendo.com\/english\/an-old-image-shares-as-the-image-of-the-2023-al-aqsa-mosque-conflict\/#primaryimage"},"thumbnailUrl":"https:\/\/afghanistan.factcrescendo.com\/english\/wp-content\/uploads\/2023\/04\/Post-no-03-ARSH.png","datePublished":"2023-04-29T06:33:41+00:00","dateModified":"2023-04-29T07:49:42+00:00","breadcrumb":{"@id":"https:\/\/afghanistan.factcrescendo.com\/english\/an-old-image-shares-as-the-image-of-the-2023-al-aqsa-mosque-conflict\/#breadcrumb"},"inLanguage":"en-US","potentialAction":[{"@type":"ReadAction","target":["https:\/\/afghanistan.factcrescendo.com\/english\/an-old-image-shares-as-the-image-of-the-2023-al-aqsa-mosque-conflict\/"]}]},{"@type":"ImageObject","inLanguage":"en-US","@id":"https:\/\/afghanistan.factcrescendo.com\/english\/an-old-image-shares-as-the-image-of-the-2023-al-aqsa-mosque-conflict\/#primaryimage","url":"https:\/\/afghanistan.factcrescendo.com\/english\/wp-content\/uploads\/2023\/04\/Post-no-03-ARSH.png","contentUrl":"https:\/\/afghanistan.factcrescendo.com\/english\/wp-content\/uploads\/2023\/04\/Post-no-03-ARSH.png","width":622,"height":420},{"@type":"BreadcrumbList","@id":"https:\/\/afghanistan.factcrescendo.com\/english\/an-old-image-shares-as-the-image-of-the-2023-al-aqsa-mosque-conflict\/#breadcrumb","itemListElement":[{"@type":"ListItem","position":1,"name":"Home","item":"https:\/\/afghanistan.factcrescendo.com\/english\/"},{"@type":"ListItem","position":2,"name":"Following the raids on Al-Aqsa Mosque by Israeli forces an old photo was reposted as footage of the event\u00a0"}]},{"@type":"WebSite","@id":"https:\/\/afghanistan.factcrescendo.com\/english\/#website","url":"https:\/\/afghanistan.factcrescendo.com\/english\/","name":"Fact Crescendo Afghanistan English","description":"The fact behind every news!","publisher":{"@id":"https:\/\/afghanistan.factcrescendo.com\/english\/#organization"},"potentialAction":[{"@type":"SearchAction","target":{"@type":"EntryPoint","urlTemplate":"https:\/\/afghanistan.factcrescendo.com\/english\/?s={search_term_string}"},"query-input":{"@type":"PropertyValueSpecification","valueRequired":true,"valueName":"search_term_string"}}],"inLanguage":"en-US"},{"@type":"Organization","@id":"https:\/\/afghanistan.factcrescendo.com\/english\/#organization","name":"Fact Crescendo Afghanistan English","url":"https:\/\/afghanistan.factcrescendo.com\/english\/","logo":{"@type":"ImageObject","inLanguage":"en-US","@id":"https:\/\/afghanistan.factcrescendo.com\/english\/#\/schema\/logo\/image\/","url":"https:\/\/afghanistan.factcrescendo.com\/english\/wp-content\/uploads\/2024\/11\/Logo-For-Wbsite-e1731654107401.png","contentUrl":"https:\/\/afghanistan.factcrescendo.com\/english\/wp-content\/uploads\/2024\/11\/Logo-For-Wbsite-e1731654107401.png","width":320,"height":89,"caption":"Fact Crescendo Afghanistan English"},"image":{"@id":"https:\/\/afghanistan.factcrescendo.com\/english\/#\/schema\/logo\/image\/"}},{"@type":"Person","@id":"https:\/\/afghanistan.factcrescendo.com\/english\/#\/schema\/person\/a3e19725877a995a682c2dbb019aff5d","name":"Fact Crescendo Team","image":{"@type":"ImageObject","inLanguage":"en-US","@id":"https:\/\/secure.gravatar.com\/avatar\/54b5f853df4c561cf04b7a03a6d83d55fffb3d1324fc94e9da267bcc8c5e15e8?s=96&d=mm&r=g","url":"https:\/\/secure.gravatar.com\/avatar\/54b5f853df4c561cf04b7a03a6d83d55fffb3d1324fc94e9da267bcc8c5e15e8?s=96&d=mm&r=g","contentUrl":"https:\/\/secure.gravatar.com\/avatar\/54b5f853df4c561cf04b7a03a6d83d55fffb3d1324fc94e9da267bcc8c5e15e8?s=96&d=mm&r=g","caption":"Fact Crescendo Team"},"url":"https:\/\/afghanistan.factcrescendo.com\/english\/author\/factcrescendo-team\/"}]}},"jetpack_featured_media_url":"https:\/\/afghanistan.factcrescendo.com\/english\/wp-content\/uploads\/2023\/04\/Post-no-03-ARSH.png","jetpack_sharing_enabled":true,"_links":{"self":[{"href":"https:\/\/afghanistan.factcrescendo.com\/english\/wp-json\/wp\/v2\/posts\/1463","targetHints":{"allow":["GET"]}}],"collection":[{"href":"https:\/\/afghanistan.factcrescendo.com\/english\/wp-json\/wp\/v2\/posts"}],"about":[{"href":"https:\/\/afghanistan.factcrescendo.com\/english\/wp-json\/wp\/v2\/types\/post"}],"author":[{"embeddable":true,"href":"https:\/\/afghanistan.factcrescendo.com\/english\/wp-json\/wp\/v2\/users\/3"}],"replies":[{"embeddable":true,"href":"https:\/\/afghanistan.factcrescendo.com\/english\/wp-json\/wp\/v2\/comments?post=1463"}],"version-history":[{"count":2,"href":"https:\/\/afghanistan.factcrescendo.com\/english\/wp-json\/wp\/v2\/posts\/1463\/revisions"}],"predecessor-version":[{"id":1469,"href":"https:\/\/afghanistan.factcrescendo.com\/english\/wp-json\/wp\/v2\/posts\/1463\/revisions\/1469"}],"wp:featuredmedia":[{"embeddable":true,"href":"https:\/\/afghanistan.factcrescendo.com\/english\/wp-json\/wp\/v2\/media\/1466"}],"wp:attachment":[{"href":"https:\/\/afghanistan.factcrescendo.com\/english\/wp-json\/wp\/v2\/media?parent=1463"}],"wp:term":[{"taxonomy":"category","embeddable":true,"href":"https:\/\/afghanistan.factcrescendo.com\/english\/wp-json\/wp\/v2\/categories?post=1463"},{"taxonomy":"post_tag","embeddable":true,"href":"https:\/\/afghanistan.factcrescendo.com\/english\/wp-json\/wp\/v2\/tags?post=1463"}],"curies":[{"name":"wp","href":"https:\/\/api.w.org\/{rel}","templated":true}]}}